{"id":189,"date":"2011-11-26T16:38:55","date_gmt":"2011-11-26T16:38:55","guid":{"rendered":"http:\/\/www.magoria.ch\/dam\/blog\/2011\/11\/26\/ausgezeichnet\/"},"modified":"2021-10-17T07:49:50","modified_gmt":"2021-10-17T07:49:50","slug":"ausgezeichnet","status":"publish","type":"post","link":"https:\/\/www.magoria.ch\/dam\/ausgezeichnet\/","title":{"rendered":"AUSGEZEICHNET"},"content":{"rendered":"<p><strong>Werkbeitrag Kanton St. Gallen 2009 in der Kategorie Literatur.<br \/>\n<\/strong><\/p>\n<p>Veranstaltungshinweis:<\/p>\n<p><strong>Ausstellung der Werkbeitr\u00e4ge 2008, 2009, 2010 <\/strong><\/p>\n<p>Die Werkbeitr\u00e4ge und ihre Empf\u00e4nger\/innen aus den Jahren 2008, 2009 und 2010 werden in<br \/>\nSt. Gallen, Wil und Walenstadt in einer Ausstellung pr\u00e4sentiert.<\/p>\n<p>St. Gallen, Kulturraum des Regierungsgeb\u00e4udes, Klosterhof<br \/>\n3. Dezember 2011 \u2013 22. Januar 2012<br \/>\nVernissage: Freitag, 2. Dez. 18.30 Uhr<\/p>\n<p><img loading=\"lazy\" decoding=\"async\" class=\"alignnone size-full\" src=\"http:\/\/www.magoria.ch\/presse\/Ausgezeichnet.gif\" width=\"960\" height=\"1362\" \/><\/p>\n<div style=\"margin-top: 0px; margin-bottom: 0px;\" class=\"sharethis-inline-share-buttons\" ><\/div>","protected":false},"excerpt":{"rendered":"<p>Werkbeitrag Kanton St. Gallen 2009 in der Kategorie Literatur. Veranstaltungshinweis: Ausstellung der Werkbeitr\u00e4ge 2008, 2009, 2010 Die Werkbeitr\u00e4ge und ihre Empf\u00e4nger\/innen aus den Jahren 2008, 2009 und 2010 werden in St. Gallen, Wil und Walenstadt in einer Ausstellung pr\u00e4sentiert. St. Gallen, Kulturraum des Regierungsgeb\u00e4udes, Klosterhof 3. Dezember 2011 \u2013 22. Januar 2012 Vernissage: Freitag, 2. &hellip; <\/p>\n<p class=\"link-more\"><a href=\"https:\/\/www.magoria.ch\/dam\/ausgezeichnet\/\" class=\"more-link\"><span class=\"screen-reader-text\">\u201eAUSGEZEICHNET\u201c <\/span>weiterlesen<\/a><\/p>\n","protected":false},"author":1,"featured_media":0,"comment_status":"open","ping_status":"open","sticky":false,"template":"","format":"standard","meta":{"fifu_image_url":"","fifu_image_alt":"","footnotes":""},"categories":[806],"tags":[361],"class_list":["post-189","post","type-post","status-publish","format-standard","hentry","category-presse","tag-werkbeitrag-kanton-st-gallen"],"_links":{"self":[{"href":"https:\/\/www.magoria.ch\/dam\/wp-json\/wp\/v2\/posts\/189","targetHints":{"allow":["GET"]}}],"collection":[{"href":"https:\/\/www.magoria.ch\/dam\/wp-json\/wp\/v2\/posts"}],"about":[{"href":"https:\/\/www.magoria.ch\/dam\/wp-json\/wp\/v2\/types\/post"}],"author":[{"embeddable":true,"href":"https:\/\/www.magoria.ch\/dam\/wp-json\/wp\/v2\/users\/1"}],"replies":[{"embeddable":true,"href":"https:\/\/www.magoria.ch\/dam\/wp-json\/wp\/v2\/comments?post=189"}],"version-history":[{"count":7,"href":"https:\/\/www.magoria.ch\/dam\/wp-json\/wp\/v2\/posts\/189\/revisions"}],"predecessor-version":[{"id":2982,"href":"https:\/\/www.magoria.ch\/dam\/wp-json\/wp\/v2\/posts\/189\/revisions\/2982"}],"wp:attachment":[{"href":"https:\/\/www.magoria.ch\/dam\/wp-json\/wp\/v2\/media?parent=189"}],"wp:term":[{"taxonomy":"category","embeddable":true,"href":"https:\/\/www.magoria.ch\/dam\/wp-json\/wp\/v2\/categories?post=189"},{"taxonomy":"post_tag","embeddable":true,"href":"https:\/\/www.magoria.ch\/dam\/wp-json\/wp\/v2\/tags?post=189"}],"curies":[{"name":"wp","href":"https:\/\/api.w.org\/{rel}","templated":true}]}}