{"id":199,"date":"2012-01-08T00:00:00","date_gmt":"2012-01-08T00:00:00","guid":{"rendered":"http:\/\/www.magoria.ch\/dam\/blog\/2012\/01\/08\/lass-das-auge-klaenge-fangen\/"},"modified":"2026-03-26T13:45:51","modified_gmt":"2026-03-26T13:45:51","slug":"lass-das-auge-klaenge-fangen","status":"publish","type":"post","link":"https:\/\/www.magoria.ch\/dam\/lass-das-auge-klaenge-fangen\/","title":{"rendered":"Lass das Auge Kl\u00e4nge fangen"},"content":{"rendered":"\n<p>Wenn wir auf ein bisher unentdeckt gebliebenes Tal oder, besser noch, einen Planeten ausserhalb unseres Sonnensystems stiessen, dessen Bewohner sich nicht mit Lauten, sondern ausschliesslich durch visuelle Zeichen verst\u00e4ndigen, unsere Aufmerksamkeit w\u00fcrde sich voller Neugier auf diese Welt und ihre geheimnisvolle Sprache richten. \u2013 Aber nicht nur Raum und Zeit, auch Begriffe wie Kultur oder Behinderung unterliegen dem Relativit\u00e4tsgesetz.&nbsp;<\/p>\n\n\n\n<p>Was wir H\u00f6renden von den Geh\u00f6rlosen und ihrer Lebensweise wissen, ist in der Regel d\u00fcrftig, oft von falschen Vorstellungen gepr\u00e4gt und ganz selten aus erster Hand. Ein paar eindr\u00fcckliche Filme gibt es schon, aber man kann sie an einer Hand abz\u00e4hlen. Wenn H\u00f6rende die Hand im Spiel haben, ist meist von \u00abProblemf\u00e4llen\u00bb die Rede, selten von einer ausgepr\u00e4gten Kultur oder der Sch\u00f6nheit visuell-gestischer Kommunikation.&nbsp;<\/p>\n\n\n\n<p>Der Schweizer Dokumentarfilm <em>Tanz der H\u00e4nde<\/em>, den Phil D\u00e4nzer (schwerh\u00f6rig) mit den beiden Geh\u00f6rlosen Peter Hemmi und Enrico de Marco (Kamera) realisiert hat, spricht da eine andere Sprache. Der Film versteht sich als Liebes\u00aderkl\u00e4rung an die Geb\u00e4rden\u00adsprache, welche in der Kultur der Geh\u00f6r\u00adlosen eine zentrale und lebens\u00adwichtige Rolle spielt. Er wirft Streif\u00adlichter auf eindr\u00fcck\u00adliche Schaupl\u00e4tze im In- und Ausland, wo mit Geb\u00e4rden\u00adsprache gelebt und gearbeitet wird, und gew\u00e4hrt uns Einblick in die Erforschung der Geh\u00f6rlosen\u00adgeschichte und der Geb\u00e4rden\u00adsprache, in bilinguale Erziehung und k\u00fcnstlerische Aktivit\u00e4ten wie Tanz, Theater und Geb\u00e4rden\u00adpoesie. Unterstrichen und begleitet werden die Beispiele durch die unaufdringliche Musik von Pierre Favre.<\/p>\n\n\n\n<p>Die behende (nach neuer Rechtschreibung: \u00abbeh\u00e4nde\u00bb) Sprache der Geh\u00f6rlosen erweist sich dabei als eigenst\u00e4ndige und differenzierte Sprache, deren Ausdrucksform optimal auf die visuelle Wahrnehmung abgestimmt ist und die in ihrer Leistungsf\u00e4higkeit der Lautsprache in nichts nachsteht.<\/p>\n\n\n\n<p class=\"has-text-align-right has-small-font-size\"><em>Daniel Ammann<\/em>, 14.4.1998<\/p>\n\n\n\n<p class=\"has-small-font-size\">Ab 2. Mai zeigt das Kinok den <em>Film Tanz der H\u00e4nde<\/em> jeweils donnerstags um 20.30 Uhr und samstags um 19.00 Uhr.&nbsp;<\/p>\n\n\n\n<p class=\"has-small-font-size\">Als Erg\u00e4nzung und zur Vertiefung des Films laden der Geh\u00f6rlosenclub St.&nbsp;Gallen und die Beratungsstelle f\u00fcr Geh\u00f6rlose am Dienstag, 26. Mai, um 20.00 Uhr zu einer Begegnung in der Offenen Kirche St. Leonhard ein. Geh\u00f6rlose Menschen werden dabei von ihrer Kultur, ihrem Alltag, den Kommunikationsm\u00f6glichkeiten und der Geb\u00e4rdensprache erz\u00e4hlen.&nbsp;<\/p>\n\n\n\n<p class=\"has-small-font-size\"><em>Saiten: St. Galler Kulturmagazin<\/em> (Mai 1998): S. 57.<br><em><a data-rel=\"lightbox-image-bGlnaHRib3gtaW1hZ2UtMA==\" data-rl_title=\"\" data-rl_caption=\"\" title=\"\" data-rl_title=\"\" data-rl_caption=\"\" href=\"https:\/\/www.magoria.ch\/dam\/wp-content\/uploads\/2018\/06\/pfeil_blau.gif\"><img loading=\"lazy\" decoding=\"async\" width=\"14\" height=\"12\" data-large_image_width=\"1866.6666666666667\" data-large_image_height=\"1600\" class=\"alignnone size-full wp-image-379\" src=\"https:\/\/www.magoria.ch\/dam\/wp-content\/uploads\/2018\/06\/pfeil_blau.gif\" alt=\"\"><\/a><\/em> <a href=\"https:\/\/www.e-periodica.ch\/cntmng?pid=sai-001%3A1998%3A5%3A%3A761\" target=\"_blank\" rel=\"noreferrer noopener\">Download<\/a> (e-periodica.ch)<\/p>\n\n\n\n<hr class=\"wp-block-separator has-alpha-channel-opacity\"\/>\n\n\n\n<p class=\"has-small-font-size\"><em>Tanz der H\u00e4nde. <\/em>Dokumentarfilm von Phil D\u00e4nzer.<\/p>\n\n\n\n<figure class=\"wp-block-image size-large\"><img decoding=\"async\" src=\"http:\/\/www.magoria.ch\/pictures\/Tanz-der-Haende_dvd.jpeg\" alt=\"\"\/><\/figure>\n\n\n\n<p class=\"has-small-font-size\"><a href=\"https:\/\/www.phildaenzer.ch\/tanzderhaende\">phildaenzer.ch\/tanzderhaende<\/a><\/p>\n<div style=\"margin-top: 0px; margin-bottom: 0px;\" class=\"sharethis-inline-share-buttons\" ><\/div>","protected":false},"excerpt":{"rendered":"<p>Phil D\u00e4nzer Dokumentarfilm \u00abTanz der H\u00e4nde\u00bb<\/p>\n","protected":false},"author":2,"featured_media":6429,"comment_status":"open","ping_status":"open","sticky":false,"template":"","format":"standard","meta":{"fifu_image_url":"https:\/\/images.squarespace-cdn.com\/content\/v1\/54fddb7ce4b0e07b29ad4833\/1446828522875-ISKORLWJ2UNO1QRJJX96\/image-asset.jpeg?format=1000w","fifu_image_alt":"","footnotes":""},"categories":[41],"tags":[383,198,382],"class_list":["post-199","post","type-post","status-publish","format-standard","has-post-thumbnail","hentry","category-gebaerdensprache","tag-saien","tag-gebaerdensprache","tag-tanz-der-haende"],"_links":{"self":[{"href":"https:\/\/www.magoria.ch\/dam\/wp-json\/wp\/v2\/posts\/199","targetHints":{"allow":["GET"]}}],"collection":[{"href":"https:\/\/www.magoria.ch\/dam\/wp-json\/wp\/v2\/posts"}],"about":[{"href":"https:\/\/www.magoria.ch\/dam\/wp-json\/wp\/v2\/types\/post"}],"author":[{"embeddable":true,"href":"https:\/\/www.magoria.ch\/dam\/wp-json\/wp\/v2\/users\/2"}],"replies":[{"embeddable":true,"href":"https:\/\/www.magoria.ch\/dam\/wp-json\/wp\/v2\/comments?post=199"}],"version-history":[{"count":7,"href":"https:\/\/www.magoria.ch\/dam\/wp-json\/wp\/v2\/posts\/199\/revisions"}],"predecessor-version":[{"id":6618,"href":"https:\/\/www.magoria.ch\/dam\/wp-json\/wp\/v2\/posts\/199\/revisions\/6618"}],"wp:featuredmedia":[{"embeddable":true,"href":"https:\/\/www.magoria.ch\/dam\/wp-json\/wp\/v2\/media\/6429"}],"wp:attachment":[{"href":"https:\/\/www.magoria.ch\/dam\/wp-json\/wp\/v2\/media?parent=199"}],"wp:term":[{"taxonomy":"category","embeddable":true,"href":"https:\/\/www.magoria.ch\/dam\/wp-json\/wp\/v2\/categories?post=199"},{"taxonomy":"post_tag","embeddable":true,"href":"https:\/\/www.magoria.ch\/dam\/wp-json\/wp\/v2\/tags?post=199"}],"curies":[{"name":"wp","href":"https:\/\/api.w.org\/{rel}","templated":true}]}}