{"id":268,"date":"2014-04-19T00:00:00","date_gmt":"2014-04-19T00:00:00","guid":{"rendered":"http:\/\/www.magoria.ch\/dam\/blog\/2014\/04\/19\/perfect-sense\/"},"modified":"2025-12-25T17:23:23","modified_gmt":"2025-12-25T17:23:23","slug":"perfect-sense","status":"publish","type":"post","link":"https:\/\/www.magoria.ch\/dam\/perfect-sense\/","title":{"rendered":"Perfect Sense"},"content":{"rendered":"\n<p>Unsere Sinne sind ein Tor zur Welt. Wenn sie ausfallen, entschwindet ein St\u00fcck Wirklichkeit. Wie sich der Verlust einzelner Wahrnehmungen auswirkt, f\u00fchrt Regisseur David Mackenzie in seinem poetisch\u2011apokalyptischen Film <em>Perfect Sense<\/em> (Senator 2012) drastisch vor Augen. In Glasgow und rund um den Globus tauchen immer mehr Menschen auf, die ihren Geruchssinn verloren haben. Die Epidemiologin Susan (Eva Green) steht vor einem R\u00e4tsel. Michael (Ewan McGregor) bekommt die Auswirkungen ebenfalls zu sp\u00fcren. Im Restaurant, in dem er als Koch arbeitet, bleiben die G\u00e4ste aus. Das ist erst der Anfang. Begleitet von heftigen Gef\u00fchlsausbr\u00fcchen verabschiedet sich als N\u00e4chstes der Geschmackssinn und den Menschen vergeht H\u00f6ren und Sehen. Die Welt droht in Panik, Chaos und Dunkelheit zu versinken.\u00a0<\/p>\n\n\n\n<p>Die Geschichte erinnert an Jos\u00e9 Saramagos Roman <em>Die Stadt der Blinden<\/em> und dessen beklemmende Verfilmung durch Fernando Meirelles (Arthaus 2010). W\u00e4hrend ein Mann auf das Umschalten der Ampel wartet, verliert er von einem Moment auf den anderen das Augenlicht und kurz darauf folgen jene, die mit ihm Kontakt haten. Die Regierung sperrt die Erkrankten in ein leeres Irrenhaus, wo Mitgef\u00fchl rasch in Gewalt und Anarchie umschl\u00e4gt.\u00a0<\/p>\n\n\n\n<p>Unter allen Wahrnehmungen spielt das Licht eine eminente Rolle. Das sichtbare Spektrum bildet jedoch nur einen kleinen Ausschnitt aller elektromagnetischen Wellen. Der Beitrag \u00abGrenzen des Lichts\u00bb auf SRF mySchool sp\u00fcrt diesem Ph\u00e4nomen nach, zeigt, was Insekten und V\u00f6gel sehen, und schafft erhellende Bez\u00fcgen zu Physik, Chemie und Bildnerischem Gestalten.<\/p>\n\n\n\n<p class=\"has-text-align-right has-small-font-size\"><em>Daniel Ammann, 23.2.2015<\/em><\/p>\n\n\n\n<hr class=\"wp-block-separator has-alpha-channel-opacity\"\/>\n\n\n\n<p class=\"has-small-font-size\">\u00abVon Sinnen.\u00bb<em><br>Akzente<\/em> 1 (2015): S. 35.<br><img loading=\"lazy\" decoding=\"async\" width=\"14\" height=\"14\" class=\"alignnone size-thumbnail\" src=\"http:\/\/www.magoria.ch\/pictures\/pdf_icon.png\">\u00a0 <a href=\"http:\/\/www.magoria.ch\/texte\/Von_Sinnen_Akzente2015-1.pdf\" target=\"_blank\" rel=\"noreferrer noopener\">Download<\/a><\/p>\n\n\n\n<p class=\"has-small-font-size\"><em>Perfect Sense.<\/em><br>GB 2011. Regie: David Mackenzie.<br>Berlin: Senator Home Entertainment, 2012. DVD.<em><br><img loading=\"lazy\" decoding=\"async\" class=\"alignnone\" title=\"Perfect Sense\" src=\"http:\/\/www.magoria.ch\/pictures\/perfect-sense-cover_web.jpg\" alt=\"Buchcover\" width=\"130\" height=\"182\" border=\"0\"><\/em><\/p>\n\n\n\n<figure class=\"wp-block-embed is-type-video is-provider-youtube wp-block-embed-youtube wp-embed-aspect-16-9 wp-has-aspect-ratio\"><div class=\"wp-block-embed__wrapper\">\n<iframe loading=\"lazy\" title=\"Perfect Sense - Trailer (deutsch\/german)\" width=\"525\" height=\"295\" src=\"https:\/\/www.youtube.com\/embed\/gW65Q90zdlU?feature=oembed\" frameborder=\"0\" allow=\"accelerometer; autoplay; clipboard-write; encrypted-media; gyroscope; picture-in-picture; web-share\" referrerpolicy=\"strict-origin-when-cross-origin\" allowfullscreen><\/iframe>\n<\/div><\/figure>\n\n\n\n<p class=\"has-small-font-size\">Jos\u00e9 Saramago<br><em>Die Stadt der Blinden<\/em>. \u00dcbers. Ray G. Mertin.<br>Reinbek bei Hamburg: Rowohlt Taschenbuch Verlag, 2008.<br>398 Seiten.<br><img loading=\"lazy\" decoding=\"async\" class=\"alignnone size-full\" src=\"http:\/\/www.magoria.ch\/pictures\/saramago_Die_Stadt_der_Blinden_cover_web.jpg\" width=\"130\" height=\"222\"><\/p>\n\n\n\n<p class=\"has-small-font-size\"><em>Blindness<\/em> (Die Stadt der Blinden).<br>USA 2008. Regie: Fernando Meirelles.<br>Berlin: Arthaus, 2010, DVD.<br><span style=\"line-height: 1.3em;\"><strong><img loading=\"lazy\" decoding=\"async\" class=\"alignnone size-full\" src=\"http:\/\/www.magoria.ch\/pictures\/Die-Stadt-der-Blinden_DVD_web.jpg\" width=\"130\" height=\"183\"><\/strong><\/span><\/p>\n\n\n\n<figure class=\"wp-block-embed is-type-video is-provider-youtube wp-block-embed-youtube wp-embed-aspect-16-9 wp-has-aspect-ratio\"><div class=\"wp-block-embed__wrapper\">\n<iframe loading=\"lazy\" title=\"DIE STADT DER BLINDEN | Trailer \/ Deutsch | Julianne Moore, Mark Ruffalo | ARTHAUS\" width=\"525\" height=\"295\" src=\"https:\/\/www.youtube.com\/embed\/SWELCIyiBUI?feature=oembed\" frameborder=\"0\" allow=\"accelerometer; autoplay; clipboard-write; encrypted-media; gyroscope; picture-in-picture; web-share\" referrerpolicy=\"strict-origin-when-cross-origin\" allowfullscreen><\/iframe>\n<\/div><\/figure>\n\n\n\n<p class=\"has-small-font-size\"><em>Grenzen des Lichts.<\/em><br>Schweizer Radio und Fernsehen.<br>Redaktion SRF mySchool.<br>Z\u00fcrich: Schweizer Radio und Fernsehen, 2014 (ORF Enterprise 2012).<\/p>\n<div style=\"margin-top: 0px; margin-bottom: 0px;\" class=\"sharethis-inline-share-buttons\" ><\/div>","protected":false},"excerpt":{"rendered":"<p>In Glasgow und rund um den Globus tauchen immer mehr Menschen auf, die ihren Geruchssinn verloren haben.<\/p>\n","protected":false},"author":2,"featured_media":2936,"comment_status":"open","ping_status":"open","sticky":false,"template":"","format":"standard","meta":{"fifu_image_url":"https:\/\/www.film-rezensionen.de\/wp-content\/uploads\/2014\/12\/Perfect-Sense-Frontpage-750x400.jpg","fifu_image_alt":"Perfect Sense","footnotes":""},"categories":[22,27,776],"tags":[575,576,225,528,534,539,573,574],"class_list":["post-268","post","type-post","status-publish","format-standard","has-post-thumbnail","hentry","category-film","category-literaturkritik","category-filmkritik","tag-blindnes","tag-jose-saramago","tag-rezension","tag-akzente","tag-srf-myschool","tag-medientipps","tag-perfect-sense","tag-die-stadt-der-blinden"],"_links":{"self":[{"href":"https:\/\/www.magoria.ch\/dam\/wp-json\/wp\/v2\/posts\/268","targetHints":{"allow":["GET"]}}],"collection":[{"href":"https:\/\/www.magoria.ch\/dam\/wp-json\/wp\/v2\/posts"}],"about":[{"href":"https:\/\/www.magoria.ch\/dam\/wp-json\/wp\/v2\/types\/post"}],"author":[{"embeddable":true,"href":"https:\/\/www.magoria.ch\/dam\/wp-json\/wp\/v2\/users\/2"}],"replies":[{"embeddable":true,"href":"https:\/\/www.magoria.ch\/dam\/wp-json\/wp\/v2\/comments?post=268"}],"version-history":[{"count":5,"href":"https:\/\/www.magoria.ch\/dam\/wp-json\/wp\/v2\/posts\/268\/revisions"}],"predecessor-version":[{"id":5980,"href":"https:\/\/www.magoria.ch\/dam\/wp-json\/wp\/v2\/posts\/268\/revisions\/5980"}],"wp:featuredmedia":[{"embeddable":true,"href":"https:\/\/www.magoria.ch\/dam\/wp-json\/wp\/v2\/media\/2936"}],"wp:attachment":[{"href":"https:\/\/www.magoria.ch\/dam\/wp-json\/wp\/v2\/media?parent=268"}],"wp:term":[{"taxonomy":"category","embeddable":true,"href":"https:\/\/www.magoria.ch\/dam\/wp-json\/wp\/v2\/categories?post=268"},{"taxonomy":"post_tag","embeddable":true,"href":"https:\/\/www.magoria.ch\/dam\/wp-json\/wp\/v2\/tags?post=268"}],"curies":[{"name":"wp","href":"https:\/\/api.w.org\/{rel}","templated":true}]}}