{"id":3274,"date":"2023-05-27T06:27:41","date_gmt":"2023-05-27T06:27:41","guid":{"rendered":"https:\/\/www.magoria.ch\/dam\/?p=3274"},"modified":"2026-04-26T11:22:14","modified_gmt":"2026-04-26T11:22:14","slug":"apropos-medien","status":"publish","type":"post","link":"https:\/\/www.magoria.ch\/dam\/apropos-medien\/","title":{"rendered":"Apropos Medien"},"content":{"rendered":"\n<p>Das Lehrmittel <em>Apropos Medien<\/em> zielt darauf ab, Sch\u00fclerinnen und Sch\u00fcler zu bef\u00e4higen, Medien und Kommunikationstechnologien sachgerecht, selbstbestimmt und kreativ zu nutzen. Das Lehrwerk ist modular aufgebaut, sodass Kapitel und Inhalte individuell ausgew\u00e4hlt, in beliebiger Reihenfolge bearbeitet und f\u00e4cher\u00fcbergreifend an die aktuelle Situation angepasst werden k\u00f6nnen.<\/p>\n\n\n\n<p>Welche Kompetenzen brauchen Kinder und Jugendliche in einer mediatisierten und digitalisierten Welt? <em>Apropos Medien<\/em> f\u00fchrt systematisch in die Kernthemen der Medienbildung ein und unterst\u00fctzt Lehrperson und Lernende dabei, grundlegende Kompetenzen f\u00fcr einen sinnvollen und nachhaltigen Umgang mit Medien aufzubauen.<\/p>\n\n\n\n<hr class=\"wp-block-separator has-alpha-channel-opacity\"\/>\n\n\n\n<p class=\"has-small-font-size\">Daniel Ammann, Thomas Hermann, Eveline Hipeli. <br><strong><em>Apropos Medien 5\/6<\/em>.<\/strong> <strong>Schulbuch f\u00fcr Sch\u00fclerinnen und Sch\u00fcler.<\/strong> Primarstufe. <br>Baar: Klett und Balmer, 2023. 96 Seiten.<\/p>\n\n\n\n<p class=\"has-small-font-size\">Ammann, Daniel, Thomas Hermann und Eveline Hipeli. <br><strong>Apropos Medien 5\/6. Begleitband f\u00fcr Lehrpersonen.<\/strong> Primarstufe. Baar: Klett und Balmer, 2023. 160 Seiten.<\/p>\n\n\n\n<p><em>Apropos Medien<\/em> umfasst ein Schulbuch sowie eine digitale Ausgabe f\u00fcr die Sch\u00fcler:innen der 5. und 6. Klasse sowie einen Begleitband und eine Digitale Ausgabe f\u00fcr Lehrpersonen (DAL). <br>F\u00fcr den Zyklus 3 ist das Lehrwerk als digiOne konzipiert, es erscheint 2024 als komplett digitales Lehrwerk ohne gedruckte Lehrwerksteile. Sowohl f\u00fcr Sch\u00fclerinnen und Sch\u00fcler wie f\u00fcr Lehrpersonen kommen Jahreslizenzen zum Einsatz, die alle Inhalte von der 7. bis zur 9. Klasse enthalten.<\/p>\n\n\n\n<p><span style=\"font-size: 12pt;\">&nbsp;<img loading=\"lazy\" decoding=\"async\" width=\"14\" height=\"12\" class=\"alignnone size-medium\" src=\"http:\/\/www.magoria.ch\/pictures\/pfeil_blau-icon.png\">&nbsp;<\/span><a href=\"https:\/\/www.klett.ch\/lehrwerke\/apropos-medien\" target=\"_blank\" rel=\"noreferrer noopener\">Apropos Medien<\/a><br><\/p>\n\n\n\n<figure class=\"wp-block-image size-large\"><img decoding=\"async\" src=\"http:\/\/www.magoria.ch\/pictures\/Apropos-Medien-Schulbuch_cover.jpg\" alt=\"\"\/><figcaption class=\"wp-element-caption\">Schulbuch 5.\/6. Klasse<\/figcaption><\/figure>\n\n\n\n<figure class=\"wp-block-image size-large\"><img decoding=\"async\" src=\"http:\/\/www.magoria.ch\/pictures\/Apropos-Medien-Begleitband_cover.jpg\" alt=\"\"\/><figcaption class=\"wp-element-caption\">Begleitband f\u00fcr Lehrpersonen<\/figcaption><\/figure>\n\n\n\n<p><em>Apropos Medien<\/em> erm\u00f6glicht einen kompetenzorientierten und Lehrplan-21-kompatiblen Unterricht im Bereich Medien, Teil des neuen Moduls \u00abMedien und Informatik\u00bb.<br>Das Lehrwerk ist modular aufgebaut, die Bearbeitung gestaltet sich daher flexibel. Die Themen haben einen starken Lebensweltbezug.<br><br>Der Ablauf eines Kapitels besteht stehts aus vier Schritten mit Einstieg, Planung, Arbeit im Kapitel und R\u00fcckblick.<\/p>\n\n\n\n<p>12 Einheiten mit einer starken thematischen Auswahl und grosser inhaltlicher Bandbreite zeichnen <em>Apropos Medien<\/em> aus:<\/p>\n\n\n\n<ul class=\"wp-block-list\">\n<li>Wirklichkeit und Medien<\/li>\n\n\n\n<li>Dinge und Daten<\/li>\n\n\n\n<li>Wahrnehmung und Aufmerksamkeit<\/li>\n\n\n\n<li>Sehen und gesehen werden<\/li>\n\n\n\n<li>Tatsachen und Meinungen<\/li>\n\n\n\n<li>Zeichen und Formate<\/li>\n\n\n\n<li>Medien und Menschen<\/li>\n\n\n\n<li>Medien und Identit\u00e4t<\/li>\n\n\n\n<li>Medien und Gesellschaft<\/li>\n\n\n\n<li>Netzwerke und Automatisierung<\/li>\n\n\n\n<li>Medien und Kreativit\u00e4t<\/li>\n\n\n\n<li>Qualit\u00e4t und Quoten<\/li>\n<\/ul>\n<div style=\"margin-top: 0px; margin-bottom: 0px;\" class=\"sharethis-inline-share-buttons\" ><\/div>","protected":false},"excerpt":{"rendered":"<p>\u00abApropos Medien\u00bb umfasst ein Schulbuch sowie eine digitale Ausgabe f\u00fcr die Sch\u00fcler:innen der 5. und 6. Klasse sowie einen Begleitband und eine Digitale Ausgabe f\u00fcr Lehrpersonen.<\/p>\n","protected":false},"author":2,"featured_media":3276,"comment_status":"open","ping_status":"open","sticky":false,"template":"","format":"standard","meta":{"fifu_image_url":"","fifu_image_alt":"","footnotes":""},"categories":[804,805,23,24,7],"tags":[957,958,959,74,75,78,80,81,956],"class_list":["post-3274","post","type-post","status-publish","format-standard","has-post-thumbnail","hentry","category-buecher","category-lehrmittel","category-schule","category-medienpaedagogik","category-medienbildung","tag-lehrplan-21","tag-apropos-medien","tag-klett","tag-medienbildung","tag-schule","tag-computer","tag-lehrmittelverlag","tag-unterricht","tag-medien-und-informatik"],"_links":{"self":[{"href":"https:\/\/www.magoria.ch\/dam\/wp-json\/wp\/v2\/posts\/3274","targetHints":{"allow":["GET"]}}],"collection":[{"href":"https:\/\/www.magoria.ch\/dam\/wp-json\/wp\/v2\/posts"}],"about":[{"href":"https:\/\/www.magoria.ch\/dam\/wp-json\/wp\/v2\/types\/post"}],"author":[{"embeddable":true,"href":"https:\/\/www.magoria.ch\/dam\/wp-json\/wp\/v2\/users\/2"}],"replies":[{"embeddable":true,"href":"https:\/\/www.magoria.ch\/dam\/wp-json\/wp\/v2\/comments?post=3274"}],"version-history":[{"count":7,"href":"https:\/\/www.magoria.ch\/dam\/wp-json\/wp\/v2\/posts\/3274\/revisions"}],"predecessor-version":[{"id":6701,"href":"https:\/\/www.magoria.ch\/dam\/wp-json\/wp\/v2\/posts\/3274\/revisions\/6701"}],"wp:featuredmedia":[{"embeddable":true,"href":"https:\/\/www.magoria.ch\/dam\/wp-json\/wp\/v2\/media\/3276"}],"wp:attachment":[{"href":"https:\/\/www.magoria.ch\/dam\/wp-json\/wp\/v2\/media?parent=3274"}],"wp:term":[{"taxonomy":"category","embeddable":true,"href":"https:\/\/www.magoria.ch\/dam\/wp-json\/wp\/v2\/categories?post=3274"},{"taxonomy":"post_tag","embeddable":true,"href":"https:\/\/www.magoria.ch\/dam\/wp-json\/wp\/v2\/tags?post=3274"}],"curies":[{"name":"wp","href":"https:\/\/api.w.org\/{rel}","templated":true}]}}