{"id":39,"date":"2009-05-17T12:08:46","date_gmt":"2009-05-17T12:08:46","guid":{"rendered":"http:\/\/www.magoria.ch\/dam\/blog\/2009\/05\/17\/dossier-medienkompetenz\/"},"modified":"2019-11-28T14:39:40","modified_gmt":"2019-11-28T14:39:40","slug":"dossier-medienkompetenz","status":"publish","type":"post","link":"https:\/\/www.magoria.ch\/dam\/dossier-medienkompetenz\/","title":{"rendered":"Dossier Medienkompetenz"},"content":{"rendered":"<p><span style=\"font-family: Verdana, Arial, Helvetica, sans-serif;\"><strong>Dossier Medienkompetenz: Aktiver Unterricht rund um die Medien.<\/strong><\/span><\/p>\n<p>Herausgegeben von der Stadt Z\u00fcrich. April 2009. 51 Seiten.<br \/>\n<a href=\"https:\/\/phzh.ch\/globalassets\/phzh.ch\/ueber-uns\/fachbereich-medienbildung\/dossier_medienkompetenz_2009.pdf\" target=\"_blank\" rel=\"noopener\"><img loading=\"lazy\" decoding=\"async\" class=\"alignnone size-medium\" src=\"http:\/\/www.magoria.ch\/pictures\/pdf_icon.png\" width=\"14\" height=\"14\" \/>\u00a0Download<\/a><\/p>\n<p><img loading=\"lazy\" decoding=\"async\" class=\"alignnone size-medium\" src=\"http:\/\/www.magoria.ch\/pictures\/dossier_MK_web.jpg\" width=\"180\" height=\"256\" \/><\/p>\n<p>Das <em>Dossier Medienkompetenz<\/em>\u00a0unterst\u00fctzt\u00a0die Lehrpersonen\u00a0zu einem aktiven Unterricht mit Medien. Ziel ist die St\u00e4rkung der Medienkompetenz von Sch\u00fclerinnen und Sch\u00fclern der Volksschule. Es zeigt auf, wie die Ziele der beiden Lehrpl\u00e4ne \u00abMedienerziehung\u00bb und \u00abInformatik\u00bb mit Hilfe von zahlreichen Unterrichtsimpulsen im Klassenzimmer umgesetzt werden k\u00f6nnen.<\/p>\n<p>Enth\u00e4lt: Ammann, Daniel. <span style=\"font-family: Verdana, Arial, Helvetica, sans-serif;\"><strong>\u00ab<\/strong><\/span><a href=\"https:\/\/www.magoria.ch\/dam\/medienkompetenz-als-unterrichtsziel\/\" target=\"_blank\" rel=\"noopener\"><span style=\"font-family: Verdana, Arial, Helvetica, sans-serif;\"><strong>Mit Medien unterwegs \u2013 Medienkompetenz als Unterrichtsziel.<\/strong><\/span><\/a><span style=\"font-family: Verdana, Arial, Helvetica, sans-serif;\"><strong>\u00bb<\/strong><\/span> <span style=\"font-family: Verdana, Arial, Helvetica, sans-serif;\"> S. 8\u20139.<\/span><\/p>\n<div style=\"margin-top: 0px; margin-bottom: 0px;\" class=\"sharethis-inline-share-buttons\" ><\/div>","protected":false},"excerpt":{"rendered":"<p>Dossier Medienkompetenz: Aktiver Unterricht rund um die Medien. Herausgegeben von der Stadt Z\u00fcrich. April 2009. 51 Seiten. \u00a0Download Das Dossier Medienkompetenz\u00a0unterst\u00fctzt\u00a0die Lehrpersonen\u00a0zu einem aktiven Unterricht mit Medien. Ziel ist die St\u00e4rkung der Medienkompetenz von Sch\u00fclerinnen und Sch\u00fclern der Volksschule. Es zeigt auf, wie die Ziele der beiden Lehrpl\u00e4ne \u00abMedienerziehung\u00bb und \u00abInformatik\u00bb mit Hilfe von zahlreichen &hellip; <\/p>\n<p class=\"link-more\"><a href=\"https:\/\/www.magoria.ch\/dam\/dossier-medienkompetenz\/\" class=\"more-link\"><span class=\"screen-reader-text\">\u201eDossier Medienkompetenz\u201c <\/span>weiterlesen<\/a><\/p>\n","protected":false},"author":2,"featured_media":0,"comment_status":"open","ping_status":"open","sticky":false,"template":"","format":"standard","meta":{"fifu_image_url":"","fifu_image_alt":"","footnotes":""},"categories":[805,23,7,24],"tags":[74,75,76,81,82],"class_list":["post-39","post","type-post","status-publish","format-standard","hentry","category-lehrmittel","category-schule","category-medienbildung","category-medienpaedagogik","tag-medienbildung","tag-schule","tag-lehrplan","tag-unterricht","tag-medienkompetenz"],"_links":{"self":[{"href":"https:\/\/www.magoria.ch\/dam\/wp-json\/wp\/v2\/posts\/39","targetHints":{"allow":["GET"]}}],"collection":[{"href":"https:\/\/www.magoria.ch\/dam\/wp-json\/wp\/v2\/posts"}],"about":[{"href":"https:\/\/www.magoria.ch\/dam\/wp-json\/wp\/v2\/types\/post"}],"author":[{"embeddable":true,"href":"https:\/\/www.magoria.ch\/dam\/wp-json\/wp\/v2\/users\/2"}],"replies":[{"embeddable":true,"href":"https:\/\/www.magoria.ch\/dam\/wp-json\/wp\/v2\/comments?post=39"}],"version-history":[{"count":7,"href":"https:\/\/www.magoria.ch\/dam\/wp-json\/wp\/v2\/posts\/39\/revisions"}],"predecessor-version":[{"id":2319,"href":"https:\/\/www.magoria.ch\/dam\/wp-json\/wp\/v2\/posts\/39\/revisions\/2319"}],"wp:attachment":[{"href":"https:\/\/www.magoria.ch\/dam\/wp-json\/wp\/v2\/media?parent=39"}],"wp:term":[{"taxonomy":"category","embeddable":true,"href":"https:\/\/www.magoria.ch\/dam\/wp-json\/wp\/v2\/categories?post=39"},{"taxonomy":"post_tag","embeddable":true,"href":"https:\/\/www.magoria.ch\/dam\/wp-json\/wp\/v2\/tags?post=39"}],"curies":[{"name":"wp","href":"https:\/\/api.w.org\/{rel}","templated":true}]}}