{"id":4623,"date":"2015-04-05T17:17:30","date_gmt":"2015-04-05T17:17:30","guid":{"rendered":"http:\/\/magoria.ch\/wp\/?p=66"},"modified":"2025-12-30T10:45:43","modified_gmt":"2025-12-30T10:45:43","slug":"kunststueck-2","status":"publish","type":"post","link":"https:\/\/www.magoria.ch\/dam\/kunststueck-2\/","title":{"rendered":"Erinnerung an ein Kunstst\u00fcck"},"content":{"rendered":"<div class=\"wp-block-image\">\n<figure class=\"alignright\"><a href=\"http:\/\/www.magoria.ch\/dfa\/index.php?option=com_content&amp;view=article&amp;id=306:kunststueck&amp;catid=34:fiktion&amp;Itemid=53\"><img decoding=\"async\" src=\"http:\/\/magoria.ch\/wp\/wp-content\/uploads\/2015\/04\/Nebelspalter_1985-2_cover_web.jpg\" alt=\"Nebelspalter Februar 1985\" class=\"wp-image-68\"\/><\/a><\/figure>\n<\/div>\n\n\n<p>Fast h\u00e4tte ich mein publizistisches Jubil\u00e4um vergessen. Vor dreissig Jahren (wenn man von einem Leserbrief absieht) hatte ich meine erste kleine Ver\u00f6ffentlichung.<br>Angefangen hat alles mit einem Kunstst\u00fcck. Ich hatte dem <em>Nebelspalter<\/em> ein mittelm\u00e4ssiges Samichlausgedicht zugeschickt &#8230; und dann aus einer Laune heraus noch einen satirischen Prosatext mit dem Titel \u00abEin Kunstst\u00fcck\u00bb beigef\u00fcgt. \u2013 Mit den holprigen Versen wusste der Redaktor nichts anzufangen, solcherlei erhalte er st\u00e4ndig, schrieb er zur\u00fcck. Aber den anderen Text w\u00fcrde er gerne bringen. Im Februar 1985 war es dann so weit. Wie andere Autoren vor mir schlich ich um den Bahnhofskiosk, um zu schauen, ob die neue Ausgabe schon aufliege.<\/p>\n\n\n\n<p>Seither ist einiges an k\u00fcrzeren und l\u00e4ngeren Erz\u00e4hlungen, Kritiken, Artikeln und wissenschaftlichen Beitr\u00e4gen von mir abgedruckt worden. Das freut mich noch immer jedes Mal \u2013 auch weil die Arbeit (oft sehr viel Arbeit) dann wirklich abgeschlossen ist. So sch\u00f6n wie damals ist es nat\u00fcrlich nicht mehr. Aber vielleicht verkl\u00e4rt man das wie den ersten Kuss, den ersten Blick aufs Meer und vieles mehr.<\/p>\n\n\n\n<p class=\"has-text-align-right has-small-font-size\"><em>Daniel Ammann, 5.4.2015<\/em><\/p>\n\n\n\n<hr class=\"wp-block-separator has-alpha-channel-opacity\"\/>\n\n\n\n<p class=\"has-small-font-size\"><span style=\"font-family: Verdana, Arial, Helvetica, sans-serif;\">\u00abEin Kunstst\u00fcck.\u00bb<em><br>Nebelspalter<\/em> 2 (8. Jan. 1985): S. 34.<\/span><br><img loading=\"lazy\" decoding=\"async\" width=\"14\" height=\"12\" data-large_image_width=\"1884.1666666666667\" data-large_image_height=\"1615\" class=\"alignnone size-medium\" src=\"http:\/\/www.magoria.ch\/pictures\/pfeil_blau-icon.png\">&nbsp;<a href=\"http:\/\/dx.doi.org\/10.5169\/seals-597403\" target=\"_blank\" rel=\"noopener\">http:\/\/dx.doi.org\/10.5169\/seals-597403<\/a>&nbsp;(E-Periodica ETH Z\u00fcrich)<\/p>\n\n\n\n<p>\u00a0Nachtrag 30.12.2025: Das Honorar war 1985 zwar nicht \u00fcppig, aber weil der Text im gleichen Jahr \u2013 leicht abge\u00e4ndert und mit  ironiefreiem Titel \u2013 als \u00abEin \u00fcberraschendes Kunstwerk\u00bb auch in <em>Das Beste aus Reader&#8217;s Digest<\/em> (Schweiz), als \u00abUn chef-d&#8217;\u0153uvre surprenant\u00bb in <em>S\u00e9lection du Reader&#8217;s Digest<\/em> und als \u00abKunst auf den Punkt gebracht\u00bb in <em>Das Beste aus Reader&#8217;s Digest<\/em> (Deutschland) erschien, bleibt es bis heute wohl mein lukrativstes Prosast\u00fcck.<\/p>\n\n\n<div style=\"margin-top: 0px; margin-bottom: 0px;\" class=\"sharethis-inline-share-buttons\" ><\/div>","protected":false},"excerpt":{"rendered":"<p>Fast h\u00e4tte ich mein publizistisches Jubil\u00e4um vergessen. Vor dreissig Jahren hatte ich meine erste kleine Ver\u00f6ffentlichung.<br \/>\nAngefangen hat alles mit einem \u00abKunstst\u00fcck\u00bb.<\/p>\n","protected":false},"author":2,"featured_media":68,"comment_status":"open","ping_status":"open","sticky":false,"template":"","format":"standard","meta":{"fifu_image_url":"","fifu_image_alt":"","footnotes":""},"categories":[36],"tags":[72],"class_list":["post-4623","post","type-post","status-publish","format-standard","has-post-thumbnail","hentry","category-uebersschreiben","tag-nebelspalter"],"_links":{"self":[{"href":"https:\/\/www.magoria.ch\/dam\/wp-json\/wp\/v2\/posts\/4623","targetHints":{"allow":["GET"]}}],"collection":[{"href":"https:\/\/www.magoria.ch\/dam\/wp-json\/wp\/v2\/posts"}],"about":[{"href":"https:\/\/www.magoria.ch\/dam\/wp-json\/wp\/v2\/types\/post"}],"author":[{"embeddable":true,"href":"https:\/\/www.magoria.ch\/dam\/wp-json\/wp\/v2\/users\/2"}],"replies":[{"embeddable":true,"href":"https:\/\/www.magoria.ch\/dam\/wp-json\/wp\/v2\/comments?post=4623"}],"version-history":[{"count":5,"href":"https:\/\/www.magoria.ch\/dam\/wp-json\/wp\/v2\/posts\/4623\/revisions"}],"predecessor-version":[{"id":6019,"href":"https:\/\/www.magoria.ch\/dam\/wp-json\/wp\/v2\/posts\/4623\/revisions\/6019"}],"wp:featuredmedia":[{"embeddable":true,"href":"https:\/\/www.magoria.ch\/dam\/wp-json\/wp\/v2\/posts\/68"}],"wp:attachment":[{"href":"https:\/\/www.magoria.ch\/dam\/wp-json\/wp\/v2\/media?parent=4623"}],"wp:term":[{"taxonomy":"category","embeddable":true,"href":"https:\/\/www.magoria.ch\/dam\/wp-json\/wp\/v2\/categories?post=4623"},{"taxonomy":"post_tag","embeddable":true,"href":"https:\/\/www.magoria.ch\/dam\/wp-json\/wp\/v2\/tags?post=4623"}],"curies":[{"name":"wp","href":"https:\/\/api.w.org\/{rel}","templated":true}]}}