{"id":5578,"date":"2025-08-09T10:54:08","date_gmt":"2025-08-09T10:54:08","guid":{"rendered":"https:\/\/www.magoria.ch\/dam\/?p=5578"},"modified":"2025-08-09T10:59:22","modified_gmt":"2025-08-09T10:59:22","slug":"stiller","status":"publish","type":"post","link":"https:\/\/www.magoria.ch\/dam\/stiller\/","title":{"rendered":"Mein Name ist White"},"content":{"rendered":"\n<p>Viele Romane beginnen damit, dass sich jemand mit Namen vorstellt, aber die eigene Identit\u00e4t rundweg zu leugnen, ist ein Paukenschlag. Stiller oder nicht Stiller, das ist hier die Frage. <\/p>\n\n\n\n<figure class=\"wp-block-image size-large\"><img decoding=\"async\" src=\"http:\/\/www.magoria.ch\/pictures\/Stiller_web.png\" alt=\"\"\/><\/figure>\n\n\n\n<p>\u00abDer Beginn eines Textes ist nie unschuldig oder spontan, er gehorcht mindestens dem Kalk\u00fcl des Effekts und h\u00e4ufig dem Wissen \u00fcber das, was folgt\u00bb, so der Germanist Peter-Andr\u00e9 Alt in seinem <a href=\"https:\/\/www.magoria.ch\/dam\/es-war-einmal-ein-anfang\/\">Buch \u00fcber erste S\u00e4tze der Weltliteratur<\/a>. Wer den ersten Satz mehr oder weniger dem Zufall \u00fcberl\u00e4sst, vergibt sich also eine Chance. Das muss auch dem Schriftsteller Max Frisch klar gewesen sein. Der ber\u00fchmte erste Satz, wie wir erfahren, wurde erst nachtr\u00e4glich in die Druckfahnen eingef\u00fcgt.&nbsp;<\/p>\n\n\n\n<p>Wie sehr so ein Satz verf\u00e4ngt, bekam Max Frisch immer wieder zu sp\u00fcren. Der Autor, wie Julian Sch\u00fctt in <em>Max Frisch: Biographie einer Instanz<\/em> (Suhrkamp 2025) schreibt, \u00abhat oft erkl\u00e4ren m\u00fcssen, er sei nicht Stiller oder Faber\u00bb. Oder wie Anatol Stiller alias Jim White im Roman sagt: \u00abwie soll einer denn beweisen k\u00f6nnen, wer er in Wirklichkeit ist?\u00bb <\/p>\n\n\n\n<figure class=\"wp-block-embed is-type-video is-provider-youtube wp-block-embed-youtube wp-embed-aspect-16-9 wp-has-aspect-ratio\"><div class=\"wp-block-embed__wrapper\">\n<iframe loading=\"lazy\" title=\"STILLER | Trailer | Ab 30. Oktober im Kino!\" width=\"525\" height=\"295\" src=\"https:\/\/www.youtube.com\/embed\/nc7jiOOZXUA?feature=oembed\" frameborder=\"0\" allow=\"accelerometer; autoplay; clipboard-write; encrypted-media; gyroscope; picture-in-picture; web-share\" referrerpolicy=\"strict-origin-when-cross-origin\" allowfullscreen><\/iframe>\n<\/div><\/figure>\n\n\n\n<p>PS Mitte Oktober kommt Stefan Haupts Filmadaption <em>Stiller<\/em> in die Schweizer Kinos. Englischer Verleihtitel: <em>I\u2019m Not Stiller<\/em> \u2013 und nein, in der Hauptrolle ist nicht Ben Stiller zu sehen, sondern Albrecht Abraham Schuch.<\/p>\n\n\n\n<p class=\"has-text-align-right has-small-font-size\"><em>Daniel Ammann, 8.8.2025<\/em><\/p>\n\n\n\n<p><\/p>\n\n\n\n<figure class=\"wp-block-image size-large\"><img decoding=\"async\" src=\"http:\/\/www.magoria.ch\/pictures\/frisch_Stiller_cover-web.jpg\" alt=\"\"\/><\/figure>\n\n\n\n<p class=\"has-small-font-size\">Max Frisch<em><br><em>Stiller<\/em>. <\/em>[1954]<em><br><\/em>Berlin: Suhrkamp, 2023. 448 Seiten.&nbsp;<\/p>\n\n\n<div style=\"margin-top: 0px; margin-bottom: 0px;\" class=\"sharethis-inline-share-buttons\" ><\/div>","protected":false},"excerpt":{"rendered":"<p>Viele Romane beginnen damit, dass sich jemand mit Namen vorstellt, aber die eigene Identit\u00e4t rundweg zu leugnen, ist ein Paukenschlag. Stiller oder nicht Stiller, das ist hier die Frage.<\/p>\n","protected":false},"author":2,"featured_media":5580,"comment_status":"closed","ping_status":"open","sticky":false,"template":"","format":"standard","meta":{"fifu_image_url":"http:\/\/www.magoria.ch\/pictures\/Ich-bin-nicht-Stiller_Filmzitat_web.png","fifu_image_alt":"","footnotes":""},"categories":[1029,1,22,27,33],"tags":[1096,1166,1167],"class_list":["post-5578","post","type-post","status-publish","format-standard","has-post-thumbnail","hentry","category-der-erste-satz","category-aktuell","category-film","category-literaturkritik","category-medientipps","tag-max-frisch","tag-julian-schuett","tag-stefan-haupt"],"_links":{"self":[{"href":"https:\/\/www.magoria.ch\/dam\/wp-json\/wp\/v2\/posts\/5578","targetHints":{"allow":["GET"]}}],"collection":[{"href":"https:\/\/www.magoria.ch\/dam\/wp-json\/wp\/v2\/posts"}],"about":[{"href":"https:\/\/www.magoria.ch\/dam\/wp-json\/wp\/v2\/types\/post"}],"author":[{"embeddable":true,"href":"https:\/\/www.magoria.ch\/dam\/wp-json\/wp\/v2\/users\/2"}],"replies":[{"embeddable":true,"href":"https:\/\/www.magoria.ch\/dam\/wp-json\/wp\/v2\/comments?post=5578"}],"version-history":[{"count":3,"href":"https:\/\/www.magoria.ch\/dam\/wp-json\/wp\/v2\/posts\/5578\/revisions"}],"predecessor-version":[{"id":5585,"href":"https:\/\/www.magoria.ch\/dam\/wp-json\/wp\/v2\/posts\/5578\/revisions\/5585"}],"wp:featuredmedia":[{"embeddable":true,"href":"https:\/\/www.magoria.ch\/dam\/wp-json\/wp\/v2\/media\/5580"}],"wp:attachment":[{"href":"https:\/\/www.magoria.ch\/dam\/wp-json\/wp\/v2\/media?parent=5578"}],"wp:term":[{"taxonomy":"category","embeddable":true,"href":"https:\/\/www.magoria.ch\/dam\/wp-json\/wp\/v2\/categories?post=5578"},{"taxonomy":"post_tag","embeddable":true,"href":"https:\/\/www.magoria.ch\/dam\/wp-json\/wp\/v2\/tags?post=5578"}],"curies":[{"name":"wp","href":"https:\/\/api.w.org\/{rel}","templated":true}]}}